{"id":231,"date":"2024-05-05T08:02:36","date_gmt":"2024-05-05T06:02:36","guid":{"rendered":"https:\/\/www.galeriedeparis.com\/Welcome\/?p=231"},"modified":"2024-11-21T21:50:15","modified_gmt":"2024-11-21T20:50:15","slug":"la-galerie-de-paris","status":"publish","type":"post","link":"https:\/\/www.galeriedeparis.com\/Welcome\/la-galerie-de-paris\/","title":{"rendered":"La Galerie de Paris \u00a9 &#8211; Galerie n\u00b0 82 du Village Suisse Paris"},"content":{"rendered":"\r\n<blockquote class=\"wp-block-quote is-layout-flow wp-block-quote-is-layout-flow\">\r\n<p>A deux pas de la Tour Eiffel et du Grand Palais \u00c9ph\u00e9m\u00e8re, la <strong>Galerie de Paris \u00a9<\/strong> vous accueille sur rendez-vous,. La Galerie est situ\u00e9e au Village Suisse Paris, pour vous pr\u00e9sentez actuellement les oeuvres d&rsquo;<strong>Anna Filimonova<\/strong>, artiste, commissaire d&rsquo;expositions, directrice de l&rsquo;\u00e9cole de dessin classique, de <strong>Kojiro Akagi<\/strong>, le plus parisien des artistes japonais, mais aussi de <strong>Fleur Thesmar<\/strong><\/p>\r\n<\/blockquote>\r\n\r\n\r\n\r\n<p>Pour nous situer dans le Village Suisse Paris, voir la page <a href=\"https:\/\/www.galeriedeparis.com\/Welcome\/pour-se-rendre-a-la-galerie-de-paris\/\">\u00ab\u00a0Pour se rendre \u00e0 la Galerie num\u00e9ro 82\u00a0\u00bb<\/a><\/p>\r\n\r\n\r\n\r\n<p><strong>Contact : Jean-Luc Masson,<\/strong> t\u00e9l. : 0646437463 \/ +33646437463<br \/><a href=\"mailto:infos@galeriedeparis.fr\" target=\"_blank\" rel=\"noreferrer noopener\" data-type=\"mailto\" data-id=\"mailto:infos@galeriedeparis.fr\">infos@galeriedeparis.fr <\/a><\/p>\r\n\r\n\r\n\r\n<p>Pour nous suivre sur les r\u00e9seaux :<\/p>\r\n\r\n\r\n\r\n<p><a href=\"https:\/\/www.galeriedeparis.com\/\" target=\"_blank\" rel=\"noreferrer noopener\">https:\/\/www.galeriedeparis.com\/<\/a><br \/><a href=\"https:\/\/www.facebook.com\/GalerieDeParisAuVillageSuisse\" target=\"_blank\" rel=\"noreferrer noopener\">https:\/\/www.facebook.com\/GalerieDeParisAuVillageSuisse<\/a><br \/><a href=\"https:\/\/www.instagram.com\/galeriedeparis_best_view\/\" target=\"_blank\" rel=\"noreferrer noopener\">https:\/\/www.instagram.com\/galeriedeparis_best_view\/<\/a><br \/><a href=\"https:\/\/villagesuisseparis.com\/galerie\/galerie-de-paris\" target=\"_blank\" rel=\"noreferrer noopener\">https:\/\/villagesuisseparis.com\/galerie\/galerie-de-paris<\/a><\/p>\r\n\r\n\r\n\r\n<p>&nbsp;<\/p>\r\n\r\n\r\n\r\n<p>&nbsp;<\/p>\r\n","protected":false},"excerpt":{"rendered":"<p>A deux pas de la Tour Eiffel et du Grand Palais \u00c9ph\u00e9m\u00e8re, la Galerie de Paris \u00a9 vous accueille sur&#8230;<\/p>\n","protected":false},"author":1,"featured_media":332,"comment_status":"closed","ping_status":"open","sticky":false,"template":"","format":"standard","meta":{"footnotes":""},"categories":[6,1],"tags":[26,25,22,29,24,31,18,23,20,28,27,30,34,19,32,33,21,17],"class_list":["post-231","post","type-post","status-publish","format-standard","has-post-thumbnail","hentry","category-expositions","category-non-classe","tag-annafilimonovaartist","tag-artcontemporainurbain","tag-baladedansparis","tag-contemporaryartistst","tag-exhibition","tag-frompariswithlove","tag-grandpalaisephemere","tag-japaneseartist","tag-japanesepainter","tag-paris15","tag-paris7","tag-parisart","tag-pariscity-parisianstreets","tag-villagesuisseparis","tag-villedeparis","tag-visitparis","tag-grandpalaisephemere-2","tag-village-suisse-paris"],"yoast_head":"<!-- This site is optimized with the Yoast SEO plugin v27.5 - https:\/\/yoast.com\/product\/yoast-seo-wordpress\/ -->\n<title>La Galerie de Paris \u00a9 - Galerie n\u00b0 82 du Village Suisse Paris - Galerie de Paris \u00a9<\/title>\n<meta name=\"robots\" content=\"index, follow, max-snippet:-1, max-image-preview:large, max-video-preview:-1\" \/>\n<link rel=\"canonical\" href=\"https:\/\/www.galeriedeparis.com\/Welcome\/la-galerie-de-paris\/\" \/>\n<meta property=\"og:locale\" content=\"fr_FR\" \/>\n<meta property=\"og:type\" content=\"article\" \/>\n<meta property=\"og:title\" content=\"La Galerie de Paris \u00a9 - Galerie n\u00b0 82 du Village Suisse Paris - Galerie de Paris \u00a9\" \/>\n<meta property=\"og:description\" content=\"A deux pas de la Tour Eiffel et du Grand Palais \u00c9ph\u00e9m\u00e8re, la Galerie de Paris \u00a9 vous accueille sur...\" \/>\n<meta property=\"og:url\" content=\"https:\/\/www.galeriedeparis.com\/Welcome\/la-galerie-de-paris\/\" \/>\n<meta property=\"og:site_name\" content=\"Galerie de Paris \u00a9\" \/>\n<meta property=\"article:publisher\" content=\"https:\/\/www.facebook.com\/GalerieDeParisAuVillageSuisse\/\" \/>\n<meta property=\"article:published_time\" content=\"2024-05-05T06:02:36+00:00\" \/>\n<meta property=\"article:modified_time\" content=\"2024-11-21T20:50:15+00:00\" \/>\n<meta property=\"og:image\" content=\"https:\/\/www.galeriedeparis.com\/Welcome\/wp-content\/uploads\/2024\/05\/FILIMONOVA-Anna-Notre-Dame-scaled.jpeg\" \/>\n\t<meta property=\"og:image:width\" content=\"2560\" \/>\n\t<meta property=\"og:image:height\" content=\"1920\" \/>\n\t<meta property=\"og:image:type\" content=\"image\/jpeg\" \/>\n<meta name=\"author\" content=\"Galerie2022\" \/>\n<meta name=\"twitter:card\" content=\"summary_large_image\" \/>\n<meta name=\"twitter:label1\" content=\"\u00c9crit par\" \/>\n\t<meta name=\"twitter:data1\" content=\"Galerie2022\" \/>\n\t<meta name=\"twitter:label2\" content=\"Dur\u00e9e de lecture estim\u00e9e\" \/>\n\t<meta name=\"twitter:data2\" content=\"1 minute\" \/>\n<script type=\"application\/ld+json\" class=\"yoast-schema-graph\">{\"@context\":\"https:\\\/\\\/schema.org\",\"@graph\":[{\"@type\":\"Article\",\"@id\":\"https:\\\/\\\/www.galeriedeparis.com\\\/Welcome\\\/la-galerie-de-paris\\\/#article\",\"isPartOf\":{\"@id\":\"https:\\\/\\\/www.galeriedeparis.com\\\/Welcome\\\/la-galerie-de-paris\\\/\"},\"author\":{\"name\":\"Galerie2022\",\"@id\":\"https:\\\/\\\/www.galeriedeparis.com\\\/Welcome\\\/#\\\/schema\\\/person\\\/8f42ae0df3c8ee4fb621dac6cc6c4d02\"},\"headline\":\"La Galerie de Paris \u00a9 &#8211; Galerie n\u00b0 82 du Village Suisse Paris\",\"datePublished\":\"2024-05-05T06:02:36+00:00\",\"dateModified\":\"2024-11-21T20:50:15+00:00\",\"mainEntityOfPage\":{\"@id\":\"https:\\\/\\\/www.galeriedeparis.com\\\/Welcome\\\/la-galerie-de-paris\\\/\"},\"wordCount\":133,\"publisher\":{\"@id\":\"https:\\\/\\\/www.galeriedeparis.com\\\/Welcome\\\/#organization\"},\"image\":{\"@id\":\"https:\\\/\\\/www.galeriedeparis.com\\\/Welcome\\\/la-galerie-de-paris\\\/#primaryimage\"},\"thumbnailUrl\":\"https:\\\/\\\/www.galeriedeparis.com\\\/Welcome\\\/wp-content\\\/uploads\\\/2024\\\/05\\\/FILIMONOVA-Anna-Notre-Dame-scaled.jpeg\",\"keywords\":[\"#annafilimonovaartist\",\"#artcontemporainurbain\",\"#baladedansparis\",\"#contemporaryartistst\",\"#exhibition\",\"#frompariswithlove\",\"#grandpalais\u00e9ph\u00e9m\u00e8re\",\"#japaneseartist\",\"#japanesepainter\",\"#paris15\",\"#paris7\",\"#parisart\",\"#pariscity #parisianstreets\",\"#villagesuisseparis\",\"#villedeparis\",\"#visitparis\ud83c\uddeb\ud83c\uddf7\",\"GrandPalaisEphemere\",\"Village Suisse Paris\"],\"articleSection\":[\"Expositions\"],\"inLanguage\":\"fr-FR\"},{\"@type\":\"WebPage\",\"@id\":\"https:\\\/\\\/www.galeriedeparis.com\\\/Welcome\\\/la-galerie-de-paris\\\/\",\"url\":\"https:\\\/\\\/www.galeriedeparis.com\\\/Welcome\\\/la-galerie-de-paris\\\/\",\"name\":\"La Galerie de Paris \u00a9 - Galerie n\u00b0 82 du Village Suisse Paris - Galerie de Paris \u00a9\",\"isPartOf\":{\"@id\":\"https:\\\/\\\/www.galeriedeparis.com\\\/Welcome\\\/#website\"},\"primaryImageOfPage\":{\"@id\":\"https:\\\/\\\/www.galeriedeparis.com\\\/Welcome\\\/la-galerie-de-paris\\\/#primaryimage\"},\"image\":{\"@id\":\"https:\\\/\\\/www.galeriedeparis.com\\\/Welcome\\\/la-galerie-de-paris\\\/#primaryimage\"},\"thumbnailUrl\":\"https:\\\/\\\/www.galeriedeparis.com\\\/Welcome\\\/wp-content\\\/uploads\\\/2024\\\/05\\\/FILIMONOVA-Anna-Notre-Dame-scaled.jpeg\",\"datePublished\":\"2024-05-05T06:02:36+00:00\",\"dateModified\":\"2024-11-21T20:50:15+00:00\",\"breadcrumb\":{\"@id\":\"https:\\\/\\\/www.galeriedeparis.com\\\/Welcome\\\/la-galerie-de-paris\\\/#breadcrumb\"},\"inLanguage\":\"fr-FR\",\"potentialAction\":[{\"@type\":\"ReadAction\",\"target\":[\"https:\\\/\\\/www.galeriedeparis.com\\\/Welcome\\\/la-galerie-de-paris\\\/\"]}]},{\"@type\":\"ImageObject\",\"inLanguage\":\"fr-FR\",\"@id\":\"https:\\\/\\\/www.galeriedeparis.com\\\/Welcome\\\/la-galerie-de-paris\\\/#primaryimage\",\"url\":\"https:\\\/\\\/www.galeriedeparis.com\\\/Welcome\\\/wp-content\\\/uploads\\\/2024\\\/05\\\/FILIMONOVA-Anna-Notre-Dame-scaled.jpeg\",\"contentUrl\":\"https:\\\/\\\/www.galeriedeparis.com\\\/Welcome\\\/wp-content\\\/uploads\\\/2024\\\/05\\\/FILIMONOVA-Anna-Notre-Dame-scaled.jpeg\",\"width\":2560,\"height\":1920},{\"@type\":\"BreadcrumbList\",\"@id\":\"https:\\\/\\\/www.galeriedeparis.com\\\/Welcome\\\/la-galerie-de-paris\\\/#breadcrumb\",\"itemListElement\":[{\"@type\":\"ListItem\",\"position\":1,\"name\":\"Accueil\",\"item\":\"https:\\\/\\\/www.galeriedeparis.com\\\/Welcome\\\/\"},{\"@type\":\"ListItem\",\"position\":2,\"name\":\"La Galerie de Paris \u00a9 &#8211; Galerie n\u00b0 82 du Village Suisse Paris\"}]},{\"@type\":\"WebSite\",\"@id\":\"https:\\\/\\\/www.galeriedeparis.com\\\/Welcome\\\/#website\",\"url\":\"https:\\\/\\\/www.galeriedeparis.com\\\/Welcome\\\/\",\"name\":\"Galerie de Paris \u00a9\",\"description\":\"Les plus belles oeuvres sur Paris se trouvent \u00e0 la Galerie de Paris \u00a9 !\",\"publisher\":{\"@id\":\"https:\\\/\\\/www.galeriedeparis.com\\\/Welcome\\\/#organization\"},\"potentialAction\":[{\"@type\":\"SearchAction\",\"target\":{\"@type\":\"EntryPoint\",\"urlTemplate\":\"https:\\\/\\\/www.galeriedeparis.com\\\/Welcome\\\/?s={search_term_string}\"},\"query-input\":{\"@type\":\"PropertyValueSpecification\",\"valueRequired\":true,\"valueName\":\"search_term_string\"}}],\"inLanguage\":\"fr-FR\"},{\"@type\":\"Organization\",\"@id\":\"https:\\\/\\\/www.galeriedeparis.com\\\/Welcome\\\/#organization\",\"name\":\"Galerie de Paris \u00a9\",\"url\":\"https:\\\/\\\/www.galeriedeparis.com\\\/Welcome\\\/\",\"logo\":{\"@type\":\"ImageObject\",\"inLanguage\":\"fr-FR\",\"@id\":\"https:\\\/\\\/www.galeriedeparis.com\\\/Welcome\\\/#\\\/schema\\\/logo\\\/image\\\/\",\"url\":\"https:\\\/\\\/www.galeriedeparis.com\\\/Welcome\\\/wp-content\\\/uploads\\\/2022\\\/03\\\/cropped-937A1B47-87A3-4339-B63B-6F00ACC81F2A-1.jpg\",\"contentUrl\":\"https:\\\/\\\/www.galeriedeparis.com\\\/Welcome\\\/wp-content\\\/uploads\\\/2022\\\/03\\\/cropped-937A1B47-87A3-4339-B63B-6F00ACC81F2A-1.jpg\",\"width\":478,\"height\":191,\"caption\":\"Galerie de Paris \u00a9\"},\"image\":{\"@id\":\"https:\\\/\\\/www.galeriedeparis.com\\\/Welcome\\\/#\\\/schema\\\/logo\\\/image\\\/\"},\"sameAs\":[\"https:\\\/\\\/www.facebook.com\\\/GalerieDeParisAuVillageSuisse\\\/\"]},{\"@type\":\"Person\",\"@id\":\"https:\\\/\\\/www.galeriedeparis.com\\\/Welcome\\\/#\\\/schema\\\/person\\\/8f42ae0df3c8ee4fb621dac6cc6c4d02\",\"name\":\"Galerie2022\",\"image\":{\"@type\":\"ImageObject\",\"inLanguage\":\"fr-FR\",\"@id\":\"https:\\\/\\\/secure.gravatar.com\\\/avatar\\\/d745204f0cf63cc6ab4d76d7fc501c45222ee2a6432bc6cd4f57fee98f17295a?s=96&d=mm&r=g\",\"url\":\"https:\\\/\\\/secure.gravatar.com\\\/avatar\\\/d745204f0cf63cc6ab4d76d7fc501c45222ee2a6432bc6cd4f57fee98f17295a?s=96&d=mm&r=g\",\"contentUrl\":\"https:\\\/\\\/secure.gravatar.com\\\/avatar\\\/d745204f0cf63cc6ab4d76d7fc501c45222ee2a6432bc6cd4f57fee98f17295a?s=96&d=mm&r=g\",\"caption\":\"Galerie2022\"},\"sameAs\":[\"https:\\\/\\\/www.galeriedeparis.com\\\/Welcome\"],\"url\":\"https:\\\/\\\/www.galeriedeparis.com\\\/Welcome\\\/author\\\/galerie2022\\\/\"}]}<\/script>\n<!-- \/ Yoast SEO plugin. -->","yoast_head_json":{"title":"La Galerie de Paris \u00a9 - Galerie n\u00b0 82 du Village Suisse Paris - Galerie de Paris \u00a9","robots":{"index":"index","follow":"follow","max-snippet":"max-snippet:-1","max-image-preview":"max-image-preview:large","max-video-preview":"max-video-preview:-1"},"canonical":"https:\/\/www.galeriedeparis.com\/Welcome\/la-galerie-de-paris\/","og_locale":"fr_FR","og_type":"article","og_title":"La Galerie de Paris \u00a9 - Galerie n\u00b0 82 du Village Suisse Paris - Galerie de Paris \u00a9","og_description":"A deux pas de la Tour Eiffel et du Grand Palais \u00c9ph\u00e9m\u00e8re, la Galerie de Paris \u00a9 vous accueille sur...","og_url":"https:\/\/www.galeriedeparis.com\/Welcome\/la-galerie-de-paris\/","og_site_name":"Galerie de Paris \u00a9","article_publisher":"https:\/\/www.facebook.com\/GalerieDeParisAuVillageSuisse\/","article_published_time":"2024-05-05T06:02:36+00:00","article_modified_time":"2024-11-21T20:50:15+00:00","og_image":[{"width":2560,"height":1920,"url":"https:\/\/www.galeriedeparis.com\/Welcome\/wp-content\/uploads\/2024\/05\/FILIMONOVA-Anna-Notre-Dame-scaled.jpeg","type":"image\/jpeg"}],"author":"Galerie2022","twitter_card":"summary_large_image","twitter_misc":{"\u00c9crit par":"Galerie2022","Dur\u00e9e de lecture estim\u00e9e":"1 minute"},"schema":{"@context":"https:\/\/schema.org","@graph":[{"@type":"Article","@id":"https:\/\/www.galeriedeparis.com\/Welcome\/la-galerie-de-paris\/#article","isPartOf":{"@id":"https:\/\/www.galeriedeparis.com\/Welcome\/la-galerie-de-paris\/"},"author":{"name":"Galerie2022","@id":"https:\/\/www.galeriedeparis.com\/Welcome\/#\/schema\/person\/8f42ae0df3c8ee4fb621dac6cc6c4d02"},"headline":"La Galerie de Paris \u00a9 &#8211; Galerie n\u00b0 82 du Village Suisse Paris","datePublished":"2024-05-05T06:02:36+00:00","dateModified":"2024-11-21T20:50:15+00:00","mainEntityOfPage":{"@id":"https:\/\/www.galeriedeparis.com\/Welcome\/la-galerie-de-paris\/"},"wordCount":133,"publisher":{"@id":"https:\/\/www.galeriedeparis.com\/Welcome\/#organization"},"image":{"@id":"https:\/\/www.galeriedeparis.com\/Welcome\/la-galerie-de-paris\/#primaryimage"},"thumbnailUrl":"https:\/\/www.galeriedeparis.com\/Welcome\/wp-content\/uploads\/2024\/05\/FILIMONOVA-Anna-Notre-Dame-scaled.jpeg","keywords":["#annafilimonovaartist","#artcontemporainurbain","#baladedansparis","#contemporaryartistst","#exhibition","#frompariswithlove","#grandpalais\u00e9ph\u00e9m\u00e8re","#japaneseartist","#japanesepainter","#paris15","#paris7","#parisart","#pariscity #parisianstreets","#villagesuisseparis","#villedeparis","#visitparis\ud83c\uddeb\ud83c\uddf7","GrandPalaisEphemere","Village Suisse Paris"],"articleSection":["Expositions"],"inLanguage":"fr-FR"},{"@type":"WebPage","@id":"https:\/\/www.galeriedeparis.com\/Welcome\/la-galerie-de-paris\/","url":"https:\/\/www.galeriedeparis.com\/Welcome\/la-galerie-de-paris\/","name":"La Galerie de Paris \u00a9 - Galerie n\u00b0 82 du Village Suisse Paris - Galerie de Paris \u00a9","isPartOf":{"@id":"https:\/\/www.galeriedeparis.com\/Welcome\/#website"},"primaryImageOfPage":{"@id":"https:\/\/www.galeriedeparis.com\/Welcome\/la-galerie-de-paris\/#primaryimage"},"image":{"@id":"https:\/\/www.galeriedeparis.com\/Welcome\/la-galerie-de-paris\/#primaryimage"},"thumbnailUrl":"https:\/\/www.galeriedeparis.com\/Welcome\/wp-content\/uploads\/2024\/05\/FILIMONOVA-Anna-Notre-Dame-scaled.jpeg","datePublished":"2024-05-05T06:02:36+00:00","dateModified":"2024-11-21T20:50:15+00:00","breadcrumb":{"@id":"https:\/\/www.galeriedeparis.com\/Welcome\/la-galerie-de-paris\/#breadcrumb"},"inLanguage":"fr-FR","potentialAction":[{"@type":"ReadAction","target":["https:\/\/www.galeriedeparis.com\/Welcome\/la-galerie-de-paris\/"]}]},{"@type":"ImageObject","inLanguage":"fr-FR","@id":"https:\/\/www.galeriedeparis.com\/Welcome\/la-galerie-de-paris\/#primaryimage","url":"https:\/\/www.galeriedeparis.com\/Welcome\/wp-content\/uploads\/2024\/05\/FILIMONOVA-Anna-Notre-Dame-scaled.jpeg","contentUrl":"https:\/\/www.galeriedeparis.com\/Welcome\/wp-content\/uploads\/2024\/05\/FILIMONOVA-Anna-Notre-Dame-scaled.jpeg","width":2560,"height":1920},{"@type":"BreadcrumbList","@id":"https:\/\/www.galeriedeparis.com\/Welcome\/la-galerie-de-paris\/#breadcrumb","itemListElement":[{"@type":"ListItem","position":1,"name":"Accueil","item":"https:\/\/www.galeriedeparis.com\/Welcome\/"},{"@type":"ListItem","position":2,"name":"La Galerie de Paris \u00a9 &#8211; Galerie n\u00b0 82 du Village Suisse Paris"}]},{"@type":"WebSite","@id":"https:\/\/www.galeriedeparis.com\/Welcome\/#website","url":"https:\/\/www.galeriedeparis.com\/Welcome\/","name":"Galerie de Paris \u00a9","description":"Les plus belles oeuvres sur Paris se trouvent \u00e0 la Galerie de Paris \u00a9 !","publisher":{"@id":"https:\/\/www.galeriedeparis.com\/Welcome\/#organization"},"potentialAction":[{"@type":"SearchAction","target":{"@type":"EntryPoint","urlTemplate":"https:\/\/www.galeriedeparis.com\/Welcome\/?s={search_term_string}"},"query-input":{"@type":"PropertyValueSpecification","valueRequired":true,"valueName":"search_term_string"}}],"inLanguage":"fr-FR"},{"@type":"Organization","@id":"https:\/\/www.galeriedeparis.com\/Welcome\/#organization","name":"Galerie de Paris \u00a9","url":"https:\/\/www.galeriedeparis.com\/Welcome\/","logo":{"@type":"ImageObject","inLanguage":"fr-FR","@id":"https:\/\/www.galeriedeparis.com\/Welcome\/#\/schema\/logo\/image\/","url":"https:\/\/www.galeriedeparis.com\/Welcome\/wp-content\/uploads\/2022\/03\/cropped-937A1B47-87A3-4339-B63B-6F00ACC81F2A-1.jpg","contentUrl":"https:\/\/www.galeriedeparis.com\/Welcome\/wp-content\/uploads\/2022\/03\/cropped-937A1B47-87A3-4339-B63B-6F00ACC81F2A-1.jpg","width":478,"height":191,"caption":"Galerie de Paris \u00a9"},"image":{"@id":"https:\/\/www.galeriedeparis.com\/Welcome\/#\/schema\/logo\/image\/"},"sameAs":["https:\/\/www.facebook.com\/GalerieDeParisAuVillageSuisse\/"]},{"@type":"Person","@id":"https:\/\/www.galeriedeparis.com\/Welcome\/#\/schema\/person\/8f42ae0df3c8ee4fb621dac6cc6c4d02","name":"Galerie2022","image":{"@type":"ImageObject","inLanguage":"fr-FR","@id":"https:\/\/secure.gravatar.com\/avatar\/d745204f0cf63cc6ab4d76d7fc501c45222ee2a6432bc6cd4f57fee98f17295a?s=96&d=mm&r=g","url":"https:\/\/secure.gravatar.com\/avatar\/d745204f0cf63cc6ab4d76d7fc501c45222ee2a6432bc6cd4f57fee98f17295a?s=96&d=mm&r=g","contentUrl":"https:\/\/secure.gravatar.com\/avatar\/d745204f0cf63cc6ab4d76d7fc501c45222ee2a6432bc6cd4f57fee98f17295a?s=96&d=mm&r=g","caption":"Galerie2022"},"sameAs":["https:\/\/www.galeriedeparis.com\/Welcome"],"url":"https:\/\/www.galeriedeparis.com\/Welcome\/author\/galerie2022\/"}]}},"_links":{"self":[{"href":"https:\/\/www.galeriedeparis.com\/Welcome\/wp-json\/wp\/v2\/posts\/231","targetHints":{"allow":["GET"]}}],"collection":[{"href":"https:\/\/www.galeriedeparis.com\/Welcome\/wp-json\/wp\/v2\/posts"}],"about":[{"href":"https:\/\/www.galeriedeparis.com\/Welcome\/wp-json\/wp\/v2\/types\/post"}],"author":[{"embeddable":true,"href":"https:\/\/www.galeriedeparis.com\/Welcome\/wp-json\/wp\/v2\/users\/1"}],"replies":[{"embeddable":true,"href":"https:\/\/www.galeriedeparis.com\/Welcome\/wp-json\/wp\/v2\/comments?post=231"}],"version-history":[{"count":23,"href":"https:\/\/www.galeriedeparis.com\/Welcome\/wp-json\/wp\/v2\/posts\/231\/revisions"}],"predecessor-version":[{"id":338,"href":"https:\/\/www.galeriedeparis.com\/Welcome\/wp-json\/wp\/v2\/posts\/231\/revisions\/338"}],"wp:featuredmedia":[{"embeddable":true,"href":"https:\/\/www.galeriedeparis.com\/Welcome\/wp-json\/wp\/v2\/media\/332"}],"wp:attachment":[{"href":"https:\/\/www.galeriedeparis.com\/Welcome\/wp-json\/wp\/v2\/media?parent=231"}],"wp:term":[{"taxonomy":"category","embeddable":true,"href":"https:\/\/www.galeriedeparis.com\/Welcome\/wp-json\/wp\/v2\/categories?post=231"},{"taxonomy":"post_tag","embeddable":true,"href":"https:\/\/www.galeriedeparis.com\/Welcome\/wp-json\/wp\/v2\/tags?post=231"}],"curies":[{"name":"wp","href":"https:\/\/api.w.org\/{rel}","templated":true}]}}