{"id":425,"date":"2025-08-18T15:09:32","date_gmt":"2025-08-18T13:09:32","guid":{"rendered":"https:\/\/www.galeriedeparis.com\/Welcome\/?p=425"},"modified":"2025-08-18T15:19:26","modified_gmt":"2025-08-18T13:19:26","slug":"anna-filimonova-correspondances-exposition-retrospective-de-30-ans-de-carriere","status":"publish","type":"post","link":"https:\/\/www.galeriedeparis.com\/Welcome\/anna-filimonova-correspondances-exposition-retrospective-de-30-ans-de-carriere\/","title":{"rendered":"Anna Filimonova \u00ab Correspondances \u00bb exposition retrospective de 30 ans de carri\u00e8re"},"content":{"rendered":"\r\n<p><strong>Salons d\u2019exposition de l\u2019H\u00f4tel de Ville \u2013<a href=\"https:\/\/www.google.fr\/maps\/place\/Mairie+de+La+Celle-Saint-Cloud\/@48.8482315,2.1336991,546m\/data=!3m3!1e3!4b1!5s0x47e67d25df4afc11:0x1789159c90fdd2a8!4m6!3m5!1s0x47e67d266d8d24d7:0x3252455d73d6c402!8m2!3d48.848228!4d2.136274!16s%2Fg%2F1tk6pn6w?entry=ttu&amp;g_ep=EgoyMDI1MDUxNS4xIKXMDSoASAFQAw%3D%3D\" data-type=\"link\" data-id=\"https:\/\/www.google.fr\/maps\/place\/Mairie+de+La+Celle-Saint-Cloud\/@48.8482315,2.1336991,546m\/data=!3m3!1e3!4b1!5s0x47e67d25df4afc11:0x1789159c90fdd2a8!4m6!3m5!1s0x47e67d266d8d24d7:0x3252455d73d6c402!8m2!3d48.848228!4d2.136274!16s%2Fg%2F1tk6pn6w?entry=ttu&amp;g_ep=EgoyMDI1MDUxNS4xIKXMDSoASAFQAw%3D%3D\"> La Celle-Saint-Cloud (78)<\/a><\/strong><\/p>\r\n\r\n\r\n\r\n<p><strong>Du jeudi 11 septembre 2025 au samedi 5 octobre 2025<\/strong><\/p>\r\n\r\n\r\n\r\n<p>Pour \u00eatre invit\u00e9 (e) au vernisssage<a href=\"https:\/\/forms.gle\/5CNjHKxkFqiKByeD6\" data-type=\"link\" data-id=\"https:\/\/forms.gle\/5CNjHKxkFqiKByeD6\"> remplissez ce lien s&rsquo;il vous plait<\/a><\/p>\r\n\r\n\r\n\r\n<figure class=\"wp-block-image size-large\"><a href=\"https:\/\/filimonova.fr\/wp-content\/uploads\/2025\/05\/2025-09-officiele-Correspondances-Affiche.jpg\"><img decoding=\"async\" class=\"wp-image-3266\" src=\"https:\/\/filimonova.fr\/wp-content\/uploads\/2025\/05\/2025-09-officiele-Correspondances-Affiche-682x1024.jpg\" alt=\"\" \/><\/a><\/figure>\r\n\r\n\r\n\r\n<p><!--more--><\/p>\r\n\r\n\r\n\r\n<p>Communiqu\u00e9 de presse : <a href=\"https:\/\/filimonova.fr\/wp-content\/uploads\/2025\/08\/2025-09-Correspondances-Anna-Filimonova-COMMUNIQUE-DE-PRESSE.pdf\" target=\"_blank\" rel=\"noreferrer noopener\">(t\u00e9l\u00e9chargement)<\/a><\/p>\r\n\r\n\r\n\r\n<p>Dossier de presse :<a href=\"https:\/\/filimonova.fr\/wp-content\/uploads\/2025\/08\/2025-09-Correspondances-Anna-Filimonova-DOSSIER-DE-PRESSE.pdf\" target=\"_blank\" rel=\"noreferrer noopener\"> (t\u00e9l\u00e9chargement)<\/a><\/p>\r\n\r\n\r\n\r\n<p><strong>L\u2019exposition c\u00e9l\u00e8bre trente ann\u00e9es d\u2019une \u0153uvre profond\u00e9ment incarn\u00e9e, o\u00f9 la peinture devient \u00e0 la fois langage, m\u00e9moire et r\u00e9sonance int\u00e9rieure. Rassemblant plus de cent \u0153uvres de styles et techniques diff\u00e9rentsn cette r\u00e9trospective retrace \u00e0 la fois l\u2019\u00e9volution d\u2019un style figuratif, \u00e9mancip\u00e9 dans une libert\u00e9 expressive nourrie par l\u2019intuition, la lumi\u00e8re et le mouvement, ainsi que les correspondances que l\u2019artiste a su tisser entre sa ville natale de Saint-P\u00e9tersbourg et la France &#8211; qu\u2019elle n\u2019a cess\u00e9e de peindre tout au long de sa carri\u00e8re.<\/strong><\/p>\r\n\r\n\r\n\r\n<p><strong>L\u2019artiste s\u2019inscrit dans la lign\u00e9e de peintres qui subliment le quotidien, qui cherchent moins \u00e0 figer le r\u00e9el qu\u2019\u00e0 en capter l\u2019\u00e9lan, la lumi\u00e8re fugace, le souffle du vivant. Ici, les couleurs parlent, les lignes chantent. \u00c0 la mani\u00e8re de Monet ou de C\u00e9zanne, Anna Filimonova peint ce qui palpite : une silhouette en mouvement, un jardin travers\u00e9 par le vent, un regard saisi dans le silence&#8230; Ses \u0153uvres repr\u00e9sentent des instants suspendus, fragiles et intenses, o\u00f9 la po\u00e9sie retrace la mati\u00e8re de la peinture.<\/strong> <strong>Pour Anna<\/strong><strong> Filimonova, cette exposition Correspondances n\u2019est pas une simple r\u00e9trospective : c\u2019est une d\u00e9claration d\u2019amour \u00e0 la France, et plus encore \u00e0 Paris, cette ville dont elle est tomb\u00e9e \u00e9perdument amoureuse en y posant ses valises en 1992. Alors jeune artiste venue de Saint-P\u00e9tersbourg, boursi\u00e8re de l\u2019\u00c9tat fran\u00e7ais, elle d\u00e9couvre une capitale qui ne cesse, depuis, de nourrir son regard et son imaginaire. Trente ans plus tard, c\u2019est toute une vie de cr\u00e9ation qu\u2019elle revisite ici, non pas \u00e0 la mani\u00e8re d\u2019un bilan fig\u00e9, mais comme une fresque vivante, vibrante, travers\u00e9e de lieux divers, de visages, de saisons et d\u2019\u00e9motions. Car pour elle, raconter ces trente ann\u00e9es de peinture, c\u2019est aussi retracer l\u2019\u00e9volution de sa propre perception de son voyage de la Russie \u00e0 la France et de sa culture. Chaque toile, dans cette exposition, refl\u00e8te un moment de transformation int\u00e9rieure autant qu\u2019un fragment de paysage qu\u2019elle a pu traverser. Correspondances incarne la volont\u00e9 d\u2019Anna Filimonova de reprendre la parole picturale avec intensit\u00e9, d\u2019offrir au public non seulement des \u0153uvres, mais un itin\u00e9raire, un t\u00e9moignage vivant de trois d\u00e9cennies de peinture entre deux rives, entre La Seine et la Neva<\/strong><strong>, entre la m\u00e9moire et la lumi\u00e8re, entre l\u2019intime et l\u2019universel.<\/strong><\/p>\r\n\r\n\r\n\r\n<p><strong>Accueillie et soutenue par la Ville de la Celle-Saint-Cloud, en partenariat avec la Galerie de Paris (Village Suisse, Paris) et ), l\u2019exposition Correspondances incarne aussi un fort engagement local. Elle c\u00e9l\u00e8bre les parcours artistiques qui, par-del\u00e0 les fronti\u00e8res, tissent des liens entre les cultures, les regards et les sensibilit\u00e9s.<\/strong><\/p>","protected":false},"excerpt":{"rendered":"<p>Salons d\u2019exposition de l\u2019H\u00f4tel de Ville \u2013 La Celle-Saint-Cloud (78) Du jeudi 11 septembre 2025 au samedi 5 octobre 2025&#8230;<\/p>\n","protected":false},"author":1,"featured_media":428,"comment_status":"closed","ping_status":"open","sticky":false,"template":"","format":"standard","meta":{"footnotes":""},"categories":[9,6],"tags":[98,91,88,99,95,92,97,15,93,101,100,103,96,94,102],"class_list":["post-425","post","type-post","status-publish","format-standard","has-post-thumbnail","hentry","category-anna-filimonova","category-expositions","tag-98","tag-anna","tag-anna-filimonova","tag-boursiere-de-letat-francais","tag-cent-oeuvres","tag-filimonova","tag-france","tag-galerie-de-paris","tag-la-celle-saint-cloud","tag-la-neva","tag-la-seine","tag-paris","tag-saint-petersbourg","tag-vernisssage","tag-village-suisse"],"yoast_head":"<!-- This site is optimized with the Yoast SEO plugin v27.5 - https:\/\/yoast.com\/product\/yoast-seo-wordpress\/ -->\n<title>Anna Filimonova \u00ab Correspondances \u00bb exposition retrospective de 30 ans de carri\u00e8re - Galerie de Paris \u00a9<\/title>\n<meta name=\"robots\" content=\"index, follow, max-snippet:-1, max-image-preview:large, max-video-preview:-1\" \/>\n<link rel=\"canonical\" href=\"https:\/\/www.galeriedeparis.com\/Welcome\/anna-filimonova-correspondances-exposition-retrospective-de-30-ans-de-carriere\/\" \/>\n<meta property=\"og:locale\" content=\"fr_FR\" \/>\n<meta property=\"og:type\" content=\"article\" \/>\n<meta property=\"og:title\" content=\"Anna Filimonova \u00ab Correspondances \u00bb exposition retrospective de 30 ans de carri\u00e8re - Galerie de Paris \u00a9\" \/>\n<meta property=\"og:description\" content=\"Salons d\u2019exposition de l\u2019H\u00f4tel de Ville \u2013 La Celle-Saint-Cloud (78) Du jeudi 11 septembre 2025 au samedi 5 octobre 2025...\" \/>\n<meta property=\"og:url\" content=\"https:\/\/www.galeriedeparis.com\/Welcome\/anna-filimonova-correspondances-exposition-retrospective-de-30-ans-de-carriere\/\" \/>\n<meta property=\"og:site_name\" content=\"Galerie de Paris \u00a9\" \/>\n<meta property=\"article:publisher\" content=\"https:\/\/www.facebook.com\/GalerieDeParisAuVillageSuisse\/\" \/>\n<meta property=\"article:published_time\" content=\"2025-08-18T13:09:32+00:00\" \/>\n<meta property=\"article:modified_time\" content=\"2025-08-18T13:19:26+00:00\" \/>\n<meta property=\"og:image\" content=\"https:\/\/www.galeriedeparis.com\/Welcome\/wp-content\/uploads\/2025\/08\/FILIMONOVA-ANNA-Ateleir-012-BD-scaled.jpg\" \/>\n\t<meta property=\"og:image:width\" content=\"2560\" \/>\n\t<meta property=\"og:image:height\" content=\"1959\" \/>\n\t<meta property=\"og:image:type\" content=\"image\/jpeg\" \/>\n<meta name=\"author\" content=\"Galerie2022\" \/>\n<meta name=\"twitter:card\" content=\"summary_large_image\" \/>\n<meta name=\"twitter:label1\" content=\"\u00c9crit par\" \/>\n\t<meta name=\"twitter:data1\" content=\"Galerie2022\" \/>\n\t<meta name=\"twitter:label2\" content=\"Dur\u00e9e de lecture estim\u00e9e\" \/>\n\t<meta name=\"twitter:data2\" content=\"3 minutes\" \/>\n<script type=\"application\/ld+json\" class=\"yoast-schema-graph\">{\"@context\":\"https:\\\/\\\/schema.org\",\"@graph\":[{\"@type\":\"Article\",\"@id\":\"https:\\\/\\\/www.galeriedeparis.com\\\/Welcome\\\/anna-filimonova-correspondances-exposition-retrospective-de-30-ans-de-carriere\\\/#article\",\"isPartOf\":{\"@id\":\"https:\\\/\\\/www.galeriedeparis.com\\\/Welcome\\\/anna-filimonova-correspondances-exposition-retrospective-de-30-ans-de-carriere\\\/\"},\"author\":{\"name\":\"Galerie2022\",\"@id\":\"https:\\\/\\\/www.galeriedeparis.com\\\/Welcome\\\/#\\\/schema\\\/person\\\/8f42ae0df3c8ee4fb621dac6cc6c4d02\"},\"headline\":\"Anna Filimonova \u00ab Correspondances \u00bb exposition retrospective de 30 ans de carri\u00e8re\",\"datePublished\":\"2025-08-18T13:09:32+00:00\",\"dateModified\":\"2025-08-18T13:19:26+00:00\",\"mainEntityOfPage\":{\"@id\":\"https:\\\/\\\/www.galeriedeparis.com\\\/Welcome\\\/anna-filimonova-correspondances-exposition-retrospective-de-30-ans-de-carriere\\\/\"},\"wordCount\":530,\"publisher\":{\"@id\":\"https:\\\/\\\/www.galeriedeparis.com\\\/Welcome\\\/#organization\"},\"image\":{\"@id\":\"https:\\\/\\\/www.galeriedeparis.com\\\/Welcome\\\/anna-filimonova-correspondances-exposition-retrospective-de-30-ans-de-carriere\\\/#primaryimage\"},\"thumbnailUrl\":\"https:\\\/\\\/www.galeriedeparis.com\\\/Welcome\\\/wp-content\\\/uploads\\\/2025\\\/08\\\/FILIMONOVA-ANNA-Ateleir-012-BD-scaled.jpg\",\"keywords\":[\"1992\",\"anna\",\"Anna Filimonova\",\"boursi\u00e8re de l\u2019\u00c9tat fran\u00e7ais\",\"cent \u0153uvres\",\"filimonova\",\"France\",\"Galerie de Paris\",\"La Celle-Saint-Cloud\",\"la Neva\",\"La Seine\",\"Paris\",\"Saint-P\u00e9tersbourg\",\"vernisssage\",\"Village Suisse\"],\"articleSection\":[\"Anna Filimonova\",\"Expositions\"],\"inLanguage\":\"fr-FR\"},{\"@type\":\"WebPage\",\"@id\":\"https:\\\/\\\/www.galeriedeparis.com\\\/Welcome\\\/anna-filimonova-correspondances-exposition-retrospective-de-30-ans-de-carriere\\\/\",\"url\":\"https:\\\/\\\/www.galeriedeparis.com\\\/Welcome\\\/anna-filimonova-correspondances-exposition-retrospective-de-30-ans-de-carriere\\\/\",\"name\":\"Anna Filimonova \u00ab Correspondances \u00bb exposition retrospective de 30 ans de carri\u00e8re - Galerie de Paris \u00a9\",\"isPartOf\":{\"@id\":\"https:\\\/\\\/www.galeriedeparis.com\\\/Welcome\\\/#website\"},\"primaryImageOfPage\":{\"@id\":\"https:\\\/\\\/www.galeriedeparis.com\\\/Welcome\\\/anna-filimonova-correspondances-exposition-retrospective-de-30-ans-de-carriere\\\/#primaryimage\"},\"image\":{\"@id\":\"https:\\\/\\\/www.galeriedeparis.com\\\/Welcome\\\/anna-filimonova-correspondances-exposition-retrospective-de-30-ans-de-carriere\\\/#primaryimage\"},\"thumbnailUrl\":\"https:\\\/\\\/www.galeriedeparis.com\\\/Welcome\\\/wp-content\\\/uploads\\\/2025\\\/08\\\/FILIMONOVA-ANNA-Ateleir-012-BD-scaled.jpg\",\"datePublished\":\"2025-08-18T13:09:32+00:00\",\"dateModified\":\"2025-08-18T13:19:26+00:00\",\"breadcrumb\":{\"@id\":\"https:\\\/\\\/www.galeriedeparis.com\\\/Welcome\\\/anna-filimonova-correspondances-exposition-retrospective-de-30-ans-de-carriere\\\/#breadcrumb\"},\"inLanguage\":\"fr-FR\",\"potentialAction\":[{\"@type\":\"ReadAction\",\"target\":[\"https:\\\/\\\/www.galeriedeparis.com\\\/Welcome\\\/anna-filimonova-correspondances-exposition-retrospective-de-30-ans-de-carriere\\\/\"]}]},{\"@type\":\"ImageObject\",\"inLanguage\":\"fr-FR\",\"@id\":\"https:\\\/\\\/www.galeriedeparis.com\\\/Welcome\\\/anna-filimonova-correspondances-exposition-retrospective-de-30-ans-de-carriere\\\/#primaryimage\",\"url\":\"https:\\\/\\\/www.galeriedeparis.com\\\/Welcome\\\/wp-content\\\/uploads\\\/2025\\\/08\\\/FILIMONOVA-ANNA-Ateleir-012-BD-scaled.jpg\",\"contentUrl\":\"https:\\\/\\\/www.galeriedeparis.com\\\/Welcome\\\/wp-content\\\/uploads\\\/2025\\\/08\\\/FILIMONOVA-ANNA-Ateleir-012-BD-scaled.jpg\",\"width\":2560,\"height\":1959,\"caption\":\"Anna Filimonova\"},{\"@type\":\"BreadcrumbList\",\"@id\":\"https:\\\/\\\/www.galeriedeparis.com\\\/Welcome\\\/anna-filimonova-correspondances-exposition-retrospective-de-30-ans-de-carriere\\\/#breadcrumb\",\"itemListElement\":[{\"@type\":\"ListItem\",\"position\":1,\"name\":\"Accueil\",\"item\":\"https:\\\/\\\/www.galeriedeparis.com\\\/Welcome\\\/\"},{\"@type\":\"ListItem\",\"position\":2,\"name\":\"Anna Filimonova \u00ab Correspondances \u00bb exposition retrospective de 30 ans de carri\u00e8re\"}]},{\"@type\":\"WebSite\",\"@id\":\"https:\\\/\\\/www.galeriedeparis.com\\\/Welcome\\\/#website\",\"url\":\"https:\\\/\\\/www.galeriedeparis.com\\\/Welcome\\\/\",\"name\":\"Galerie de Paris \u00a9\",\"description\":\"Les plus belles oeuvres sur Paris se trouvent \u00e0 la Galerie de Paris \u00a9 !\",\"publisher\":{\"@id\":\"https:\\\/\\\/www.galeriedeparis.com\\\/Welcome\\\/#organization\"},\"potentialAction\":[{\"@type\":\"SearchAction\",\"target\":{\"@type\":\"EntryPoint\",\"urlTemplate\":\"https:\\\/\\\/www.galeriedeparis.com\\\/Welcome\\\/?s={search_term_string}\"},\"query-input\":{\"@type\":\"PropertyValueSpecification\",\"valueRequired\":true,\"valueName\":\"search_term_string\"}}],\"inLanguage\":\"fr-FR\"},{\"@type\":\"Organization\",\"@id\":\"https:\\\/\\\/www.galeriedeparis.com\\\/Welcome\\\/#organization\",\"name\":\"Galerie de Paris \u00a9\",\"url\":\"https:\\\/\\\/www.galeriedeparis.com\\\/Welcome\\\/\",\"logo\":{\"@type\":\"ImageObject\",\"inLanguage\":\"fr-FR\",\"@id\":\"https:\\\/\\\/www.galeriedeparis.com\\\/Welcome\\\/#\\\/schema\\\/logo\\\/image\\\/\",\"url\":\"https:\\\/\\\/www.galeriedeparis.com\\\/Welcome\\\/wp-content\\\/uploads\\\/2022\\\/03\\\/cropped-937A1B47-87A3-4339-B63B-6F00ACC81F2A-1.jpg\",\"contentUrl\":\"https:\\\/\\\/www.galeriedeparis.com\\\/Welcome\\\/wp-content\\\/uploads\\\/2022\\\/03\\\/cropped-937A1B47-87A3-4339-B63B-6F00ACC81F2A-1.jpg\",\"width\":478,\"height\":191,\"caption\":\"Galerie de Paris \u00a9\"},\"image\":{\"@id\":\"https:\\\/\\\/www.galeriedeparis.com\\\/Welcome\\\/#\\\/schema\\\/logo\\\/image\\\/\"},\"sameAs\":[\"https:\\\/\\\/www.facebook.com\\\/GalerieDeParisAuVillageSuisse\\\/\"]},{\"@type\":\"Person\",\"@id\":\"https:\\\/\\\/www.galeriedeparis.com\\\/Welcome\\\/#\\\/schema\\\/person\\\/8f42ae0df3c8ee4fb621dac6cc6c4d02\",\"name\":\"Galerie2022\",\"image\":{\"@type\":\"ImageObject\",\"inLanguage\":\"fr-FR\",\"@id\":\"https:\\\/\\\/secure.gravatar.com\\\/avatar\\\/d745204f0cf63cc6ab4d76d7fc501c45222ee2a6432bc6cd4f57fee98f17295a?s=96&d=mm&r=g\",\"url\":\"https:\\\/\\\/secure.gravatar.com\\\/avatar\\\/d745204f0cf63cc6ab4d76d7fc501c45222ee2a6432bc6cd4f57fee98f17295a?s=96&d=mm&r=g\",\"contentUrl\":\"https:\\\/\\\/secure.gravatar.com\\\/avatar\\\/d745204f0cf63cc6ab4d76d7fc501c45222ee2a6432bc6cd4f57fee98f17295a?s=96&d=mm&r=g\",\"caption\":\"Galerie2022\"},\"sameAs\":[\"https:\\\/\\\/www.galeriedeparis.com\\\/Welcome\"],\"url\":\"https:\\\/\\\/www.galeriedeparis.com\\\/Welcome\\\/author\\\/galerie2022\\\/\"}]}<\/script>\n<!-- \/ Yoast SEO plugin. -->","yoast_head_json":{"title":"Anna Filimonova \u00ab Correspondances \u00bb exposition retrospective de 30 ans de carri\u00e8re - Galerie de Paris \u00a9","robots":{"index":"index","follow":"follow","max-snippet":"max-snippet:-1","max-image-preview":"max-image-preview:large","max-video-preview":"max-video-preview:-1"},"canonical":"https:\/\/www.galeriedeparis.com\/Welcome\/anna-filimonova-correspondances-exposition-retrospective-de-30-ans-de-carriere\/","og_locale":"fr_FR","og_type":"article","og_title":"Anna Filimonova \u00ab Correspondances \u00bb exposition retrospective de 30 ans de carri\u00e8re - Galerie de Paris \u00a9","og_description":"Salons d\u2019exposition de l\u2019H\u00f4tel de Ville \u2013 La Celle-Saint-Cloud (78) Du jeudi 11 septembre 2025 au samedi 5 octobre 2025...","og_url":"https:\/\/www.galeriedeparis.com\/Welcome\/anna-filimonova-correspondances-exposition-retrospective-de-30-ans-de-carriere\/","og_site_name":"Galerie de Paris \u00a9","article_publisher":"https:\/\/www.facebook.com\/GalerieDeParisAuVillageSuisse\/","article_published_time":"2025-08-18T13:09:32+00:00","article_modified_time":"2025-08-18T13:19:26+00:00","og_image":[{"width":2560,"height":1959,"url":"https:\/\/www.galeriedeparis.com\/Welcome\/wp-content\/uploads\/2025\/08\/FILIMONOVA-ANNA-Ateleir-012-BD-scaled.jpg","type":"image\/jpeg"}],"author":"Galerie2022","twitter_card":"summary_large_image","twitter_misc":{"\u00c9crit par":"Galerie2022","Dur\u00e9e de lecture estim\u00e9e":"3 minutes"},"schema":{"@context":"https:\/\/schema.org","@graph":[{"@type":"Article","@id":"https:\/\/www.galeriedeparis.com\/Welcome\/anna-filimonova-correspondances-exposition-retrospective-de-30-ans-de-carriere\/#article","isPartOf":{"@id":"https:\/\/www.galeriedeparis.com\/Welcome\/anna-filimonova-correspondances-exposition-retrospective-de-30-ans-de-carriere\/"},"author":{"name":"Galerie2022","@id":"https:\/\/www.galeriedeparis.com\/Welcome\/#\/schema\/person\/8f42ae0df3c8ee4fb621dac6cc6c4d02"},"headline":"Anna Filimonova \u00ab Correspondances \u00bb exposition retrospective de 30 ans de carri\u00e8re","datePublished":"2025-08-18T13:09:32+00:00","dateModified":"2025-08-18T13:19:26+00:00","mainEntityOfPage":{"@id":"https:\/\/www.galeriedeparis.com\/Welcome\/anna-filimonova-correspondances-exposition-retrospective-de-30-ans-de-carriere\/"},"wordCount":530,"publisher":{"@id":"https:\/\/www.galeriedeparis.com\/Welcome\/#organization"},"image":{"@id":"https:\/\/www.galeriedeparis.com\/Welcome\/anna-filimonova-correspondances-exposition-retrospective-de-30-ans-de-carriere\/#primaryimage"},"thumbnailUrl":"https:\/\/www.galeriedeparis.com\/Welcome\/wp-content\/uploads\/2025\/08\/FILIMONOVA-ANNA-Ateleir-012-BD-scaled.jpg","keywords":["1992","anna","Anna Filimonova","boursi\u00e8re de l\u2019\u00c9tat fran\u00e7ais","cent \u0153uvres","filimonova","France","Galerie de Paris","La Celle-Saint-Cloud","la Neva","La Seine","Paris","Saint-P\u00e9tersbourg","vernisssage","Village Suisse"],"articleSection":["Anna Filimonova","Expositions"],"inLanguage":"fr-FR"},{"@type":"WebPage","@id":"https:\/\/www.galeriedeparis.com\/Welcome\/anna-filimonova-correspondances-exposition-retrospective-de-30-ans-de-carriere\/","url":"https:\/\/www.galeriedeparis.com\/Welcome\/anna-filimonova-correspondances-exposition-retrospective-de-30-ans-de-carriere\/","name":"Anna Filimonova \u00ab Correspondances \u00bb exposition retrospective de 30 ans de carri\u00e8re - Galerie de Paris \u00a9","isPartOf":{"@id":"https:\/\/www.galeriedeparis.com\/Welcome\/#website"},"primaryImageOfPage":{"@id":"https:\/\/www.galeriedeparis.com\/Welcome\/anna-filimonova-correspondances-exposition-retrospective-de-30-ans-de-carriere\/#primaryimage"},"image":{"@id":"https:\/\/www.galeriedeparis.com\/Welcome\/anna-filimonova-correspondances-exposition-retrospective-de-30-ans-de-carriere\/#primaryimage"},"thumbnailUrl":"https:\/\/www.galeriedeparis.com\/Welcome\/wp-content\/uploads\/2025\/08\/FILIMONOVA-ANNA-Ateleir-012-BD-scaled.jpg","datePublished":"2025-08-18T13:09:32+00:00","dateModified":"2025-08-18T13:19:26+00:00","breadcrumb":{"@id":"https:\/\/www.galeriedeparis.com\/Welcome\/anna-filimonova-correspondances-exposition-retrospective-de-30-ans-de-carriere\/#breadcrumb"},"inLanguage":"fr-FR","potentialAction":[{"@type":"ReadAction","target":["https:\/\/www.galeriedeparis.com\/Welcome\/anna-filimonova-correspondances-exposition-retrospective-de-30-ans-de-carriere\/"]}]},{"@type":"ImageObject","inLanguage":"fr-FR","@id":"https:\/\/www.galeriedeparis.com\/Welcome\/anna-filimonova-correspondances-exposition-retrospective-de-30-ans-de-carriere\/#primaryimage","url":"https:\/\/www.galeriedeparis.com\/Welcome\/wp-content\/uploads\/2025\/08\/FILIMONOVA-ANNA-Ateleir-012-BD-scaled.jpg","contentUrl":"https:\/\/www.galeriedeparis.com\/Welcome\/wp-content\/uploads\/2025\/08\/FILIMONOVA-ANNA-Ateleir-012-BD-scaled.jpg","width":2560,"height":1959,"caption":"Anna Filimonova"},{"@type":"BreadcrumbList","@id":"https:\/\/www.galeriedeparis.com\/Welcome\/anna-filimonova-correspondances-exposition-retrospective-de-30-ans-de-carriere\/#breadcrumb","itemListElement":[{"@type":"ListItem","position":1,"name":"Accueil","item":"https:\/\/www.galeriedeparis.com\/Welcome\/"},{"@type":"ListItem","position":2,"name":"Anna Filimonova \u00ab Correspondances \u00bb exposition retrospective de 30 ans de carri\u00e8re"}]},{"@type":"WebSite","@id":"https:\/\/www.galeriedeparis.com\/Welcome\/#website","url":"https:\/\/www.galeriedeparis.com\/Welcome\/","name":"Galerie de Paris \u00a9","description":"Les plus belles oeuvres sur Paris se trouvent \u00e0 la Galerie de Paris \u00a9 !","publisher":{"@id":"https:\/\/www.galeriedeparis.com\/Welcome\/#organization"},"potentialAction":[{"@type":"SearchAction","target":{"@type":"EntryPoint","urlTemplate":"https:\/\/www.galeriedeparis.com\/Welcome\/?s={search_term_string}"},"query-input":{"@type":"PropertyValueSpecification","valueRequired":true,"valueName":"search_term_string"}}],"inLanguage":"fr-FR"},{"@type":"Organization","@id":"https:\/\/www.galeriedeparis.com\/Welcome\/#organization","name":"Galerie de Paris \u00a9","url":"https:\/\/www.galeriedeparis.com\/Welcome\/","logo":{"@type":"ImageObject","inLanguage":"fr-FR","@id":"https:\/\/www.galeriedeparis.com\/Welcome\/#\/schema\/logo\/image\/","url":"https:\/\/www.galeriedeparis.com\/Welcome\/wp-content\/uploads\/2022\/03\/cropped-937A1B47-87A3-4339-B63B-6F00ACC81F2A-1.jpg","contentUrl":"https:\/\/www.galeriedeparis.com\/Welcome\/wp-content\/uploads\/2022\/03\/cropped-937A1B47-87A3-4339-B63B-6F00ACC81F2A-1.jpg","width":478,"height":191,"caption":"Galerie de Paris \u00a9"},"image":{"@id":"https:\/\/www.galeriedeparis.com\/Welcome\/#\/schema\/logo\/image\/"},"sameAs":["https:\/\/www.facebook.com\/GalerieDeParisAuVillageSuisse\/"]},{"@type":"Person","@id":"https:\/\/www.galeriedeparis.com\/Welcome\/#\/schema\/person\/8f42ae0df3c8ee4fb621dac6cc6c4d02","name":"Galerie2022","image":{"@type":"ImageObject","inLanguage":"fr-FR","@id":"https:\/\/secure.gravatar.com\/avatar\/d745204f0cf63cc6ab4d76d7fc501c45222ee2a6432bc6cd4f57fee98f17295a?s=96&d=mm&r=g","url":"https:\/\/secure.gravatar.com\/avatar\/d745204f0cf63cc6ab4d76d7fc501c45222ee2a6432bc6cd4f57fee98f17295a?s=96&d=mm&r=g","contentUrl":"https:\/\/secure.gravatar.com\/avatar\/d745204f0cf63cc6ab4d76d7fc501c45222ee2a6432bc6cd4f57fee98f17295a?s=96&d=mm&r=g","caption":"Galerie2022"},"sameAs":["https:\/\/www.galeriedeparis.com\/Welcome"],"url":"https:\/\/www.galeriedeparis.com\/Welcome\/author\/galerie2022\/"}]}},"_links":{"self":[{"href":"https:\/\/www.galeriedeparis.com\/Welcome\/wp-json\/wp\/v2\/posts\/425","targetHints":{"allow":["GET"]}}],"collection":[{"href":"https:\/\/www.galeriedeparis.com\/Welcome\/wp-json\/wp\/v2\/posts"}],"about":[{"href":"https:\/\/www.galeriedeparis.com\/Welcome\/wp-json\/wp\/v2\/types\/post"}],"author":[{"embeddable":true,"href":"https:\/\/www.galeriedeparis.com\/Welcome\/wp-json\/wp\/v2\/users\/1"}],"replies":[{"embeddable":true,"href":"https:\/\/www.galeriedeparis.com\/Welcome\/wp-json\/wp\/v2\/comments?post=425"}],"version-history":[{"count":2,"href":"https:\/\/www.galeriedeparis.com\/Welcome\/wp-json\/wp\/v2\/posts\/425\/revisions"}],"predecessor-version":[{"id":427,"href":"https:\/\/www.galeriedeparis.com\/Welcome\/wp-json\/wp\/v2\/posts\/425\/revisions\/427"}],"wp:featuredmedia":[{"embeddable":true,"href":"https:\/\/www.galeriedeparis.com\/Welcome\/wp-json\/wp\/v2\/media\/428"}],"wp:attachment":[{"href":"https:\/\/www.galeriedeparis.com\/Welcome\/wp-json\/wp\/v2\/media?parent=425"}],"wp:term":[{"taxonomy":"category","embeddable":true,"href":"https:\/\/www.galeriedeparis.com\/Welcome\/wp-json\/wp\/v2\/categories?post=425"},{"taxonomy":"post_tag","embeddable":true,"href":"https:\/\/www.galeriedeparis.com\/Welcome\/wp-json\/wp\/v2\/tags?post=425"}],"curies":[{"name":"wp","href":"https:\/\/api.w.org\/{rel}","templated":true}]}}